{"id":123,"date":"2016-06-15T21:56:57","date_gmt":"2016-06-15T19:56:57","guid":{"rendered":"http:\/\/landschleicher.de\/?p=123"},"modified":"2016-06-15T21:56:57","modified_gmt":"2016-06-15T19:56:57","slug":"die-ersten-blueten-im-neuen-gewaechshaus","status":"publish","type":"post","link":"https:\/\/landschleicher.de\/?p=123","title":{"rendered":"Die ersten Bl\u00fcten im neuen Gew\u00e4chshaus"},"content":{"rendered":"<p>Bl\u00fcte von Echinopsis eyriesii und Echinocereus rigidissimus ssp. rubispinus<\/p>\n<figure id=\"attachment_124\" aria-describedby=\"caption-attachment-124\" style=\"width: 1224px\" class=\"wp-caption alignnone\"><a href=\"https:\/\/landschleicher.de\/wp-content\/uploads\/2016\/06\/IMG_2333.jpg\" rel=\"attachment wp-att-124\"><img loading=\"lazy\" class=\"wp-image-124 size-full\" src=\"https:\/\/landschleicher.de\/wp-content\/uploads\/2016\/06\/IMG_2333.jpg\" alt=\"IMG_2333\" width=\"1224\" height=\"1632\" srcset=\"https:\/\/landschleicher.de\/wp-content\/uploads\/2016\/06\/IMG_2333.jpg 1224w, https:\/\/landschleicher.de\/wp-content\/uploads\/2016\/06\/IMG_2333-225x300.jpg 225w, https:\/\/landschleicher.de\/wp-content\/uploads\/2016\/06\/IMG_2333-768x1024.jpg 768w\" sizes=\"(max-width: 1224px) 100vw, 1224px\" \/><\/a><figcaption id=\"caption-attachment-124\" class=\"wp-caption-text\">Echinopsis eyriesii<\/figcaption><\/figure>\n<figure id=\"attachment_125\" aria-describedby=\"caption-attachment-125\" style=\"width: 900px\" class=\"wp-caption alignnone\"><a href=\"https:\/\/landschleicher.de\/wp-content\/uploads\/2016\/06\/IMG_2342.jpg\" rel=\"attachment wp-att-125\"><img loading=\"lazy\" class=\"wp-image-125 size-full\" src=\"https:\/\/landschleicher.de\/wp-content\/uploads\/2016\/06\/IMG_2342.jpg\" alt=\"IMG_2342\" width=\"900\" height=\"1600\" srcset=\"https:\/\/landschleicher.de\/wp-content\/uploads\/2016\/06\/IMG_2342.jpg 900w, https:\/\/landschleicher.de\/wp-content\/uploads\/2016\/06\/IMG_2342-169x300.jpg 169w, https:\/\/landschleicher.de\/wp-content\/uploads\/2016\/06\/IMG_2342-768x1365.jpg 768w, https:\/\/landschleicher.de\/wp-content\/uploads\/2016\/06\/IMG_2342-576x1024.jpg 576w\" sizes=\"(max-width: 900px) 100vw, 900px\" \/><\/a><figcaption id=\"caption-attachment-125\" class=\"wp-caption-text\">Echinocereus rigidissimus ssp. rubispinus<\/figcaption><\/figure>\n","protected":false},"excerpt":{"rendered":"<p>Bl\u00fcte von Echinopsis eyriesii und Echinocereus rigidissimus ssp. rubispinus<\/p>\n","protected":false},"author":1,"featured_media":0,"comment_status":"open","ping_status":"open","sticky":false,"template":"","format":"standard","meta":[],"categories":[1],"tags":[],"yoast_head":"<!-- This site is optimized with the Yoast SEO plugin v19.7.1 - https:\/\/yoast.com\/wordpress\/plugins\/seo\/ -->\n<title>Die ersten Bl\u00fcten im neuen Gew\u00e4chshaus - landschleicher.de<\/title>\n<meta name=\"robots\" content=\"index, follow, max-snippet:-1, max-image-preview:large, max-video-preview:-1\" \/>\n<link rel=\"canonical\" href=\"https:\/\/landschleicher.de\/?p=123\" \/>\n<meta property=\"og:locale\" content=\"de_DE\" \/>\n<meta property=\"og:type\" content=\"article\" \/>\n<meta property=\"og:title\" content=\"Die ersten Bl\u00fcten im neuen Gew\u00e4chshaus - landschleicher.de\" \/>\n<meta property=\"og:description\" content=\"Bl\u00fcte von Echinopsis eyriesii und Echinocereus rigidissimus ssp. rubispinus\" \/>\n<meta property=\"og:url\" content=\"https:\/\/landschleicher.de\/?p=123\" \/>\n<meta property=\"og:site_name\" content=\"landschleicher.de\" \/>\n<meta property=\"article:published_time\" content=\"2016-06-15T19:56:57+00:00\" \/>\n<meta property=\"og:image\" content=\"http:\/\/landschleicher.de\/wp-content\/uploads\/2016\/06\/IMG_2333.jpg\" \/>\n<meta name=\"author\" content=\"admin\" \/>\n<meta name=\"twitter:label1\" content=\"Verfasst von\" \/>\n\t<meta name=\"twitter:data1\" content=\"admin\" \/>\n<script type=\"application\/ld+json\" class=\"yoast-schema-graph\">{\"@context\":\"https:\/\/schema.org\",\"@graph\":[{\"@type\":\"WebPage\",\"@id\":\"https:\/\/landschleicher.de\/?p=123\",\"url\":\"https:\/\/landschleicher.de\/?p=123\",\"name\":\"Die ersten Bl\u00fcten im neuen Gew\u00e4chshaus - landschleicher.de\",\"isPartOf\":{\"@id\":\"https:\/\/landschleicher.de\/#website\"},\"datePublished\":\"2016-06-15T19:56:57+00:00\",\"dateModified\":\"2016-06-15T19:56:57+00:00\",\"author\":{\"@id\":\"https:\/\/landschleicher.de\/#\/schema\/person\/4d56edf79f168a330da03a1e9340b87f\"},\"breadcrumb\":{\"@id\":\"https:\/\/landschleicher.de\/?p=123#breadcrumb\"},\"inLanguage\":\"de\",\"potentialAction\":[{\"@type\":\"ReadAction\",\"target\":[\"https:\/\/landschleicher.de\/?p=123\"]}]},{\"@type\":\"BreadcrumbList\",\"@id\":\"https:\/\/landschleicher.de\/?p=123#breadcrumb\",\"itemListElement\":[{\"@type\":\"ListItem\",\"position\":1,\"name\":\"Home\",\"item\":\"https:\/\/landschleicher.de\/\"},{\"@type\":\"ListItem\",\"position\":2,\"name\":\"Die ersten Bl\u00fcten im neuen Gew\u00e4chshaus\"}]},{\"@type\":\"WebSite\",\"@id\":\"https:\/\/landschleicher.de\/#website\",\"url\":\"https:\/\/landschleicher.de\/\",\"name\":\"landschleicher.de\",\"description\":\"F\u00fcr M\u00e4nner mit Geschmack\",\"potentialAction\":[{\"@type\":\"SearchAction\",\"target\":{\"@type\":\"EntryPoint\",\"urlTemplate\":\"https:\/\/landschleicher.de\/?s={search_term_string}\"},\"query-input\":\"required name=search_term_string\"}],\"inLanguage\":\"de\"},{\"@type\":\"Person\",\"@id\":\"https:\/\/landschleicher.de\/#\/schema\/person\/4d56edf79f168a330da03a1e9340b87f\",\"name\":\"admin\",\"image\":{\"@type\":\"ImageObject\",\"inLanguage\":\"de\",\"@id\":\"https:\/\/landschleicher.de\/#\/schema\/person\/image\/\",\"url\":\"https:\/\/secure.gravatar.com\/avatar\/99d0491b2baa34eb24cdf79dc16a36ce?s=96&d=mm&r=g\",\"contentUrl\":\"https:\/\/secure.gravatar.com\/avatar\/99d0491b2baa34eb24cdf79dc16a36ce?s=96&d=mm&r=g\",\"caption\":\"admin\"},\"url\":\"https:\/\/landschleicher.de\/?author=1\"}]}<\/script>\n<!-- \/ Yoast SEO plugin. -->","yoast_head_json":{"title":"Die ersten Bl\u00fcten im neuen Gew\u00e4chshaus - landschleicher.de","robots":{"index":"index","follow":"follow","max-snippet":"max-snippet:-1","max-image-preview":"max-image-preview:large","max-video-preview":"max-video-preview:-1"},"canonical":"https:\/\/landschleicher.de\/?p=123","og_locale":"de_DE","og_type":"article","og_title":"Die ersten Bl\u00fcten im neuen Gew\u00e4chshaus - landschleicher.de","og_description":"Bl\u00fcte von Echinopsis eyriesii und Echinocereus rigidissimus ssp. rubispinus","og_url":"https:\/\/landschleicher.de\/?p=123","og_site_name":"landschleicher.de","article_published_time":"2016-06-15T19:56:57+00:00","og_image":[{"url":"http:\/\/landschleicher.de\/wp-content\/uploads\/2016\/06\/IMG_2333.jpg"}],"author":"admin","twitter_misc":{"Verfasst von":"admin"},"schema":{"@context":"https:\/\/schema.org","@graph":[{"@type":"WebPage","@id":"https:\/\/landschleicher.de\/?p=123","url":"https:\/\/landschleicher.de\/?p=123","name":"Die ersten Bl\u00fcten im neuen Gew\u00e4chshaus - landschleicher.de","isPartOf":{"@id":"https:\/\/landschleicher.de\/#website"},"datePublished":"2016-06-15T19:56:57+00:00","dateModified":"2016-06-15T19:56:57+00:00","author":{"@id":"https:\/\/landschleicher.de\/#\/schema\/person\/4d56edf79f168a330da03a1e9340b87f"},"breadcrumb":{"@id":"https:\/\/landschleicher.de\/?p=123#breadcrumb"},"inLanguage":"de","potentialAction":[{"@type":"ReadAction","target":["https:\/\/landschleicher.de\/?p=123"]}]},{"@type":"BreadcrumbList","@id":"https:\/\/landschleicher.de\/?p=123#breadcrumb","itemListElement":[{"@type":"ListItem","position":1,"name":"Home","item":"https:\/\/landschleicher.de\/"},{"@type":"ListItem","position":2,"name":"Die ersten Bl\u00fcten im neuen Gew\u00e4chshaus"}]},{"@type":"WebSite","@id":"https:\/\/landschleicher.de\/#website","url":"https:\/\/landschleicher.de\/","name":"landschleicher.de","description":"F\u00fcr M\u00e4nner mit Geschmack","potentialAction":[{"@type":"SearchAction","target":{"@type":"EntryPoint","urlTemplate":"https:\/\/landschleicher.de\/?s={search_term_string}"},"query-input":"required name=search_term_string"}],"inLanguage":"de"},{"@type":"Person","@id":"https:\/\/landschleicher.de\/#\/schema\/person\/4d56edf79f168a330da03a1e9340b87f","name":"admin","image":{"@type":"ImageObject","inLanguage":"de","@id":"https:\/\/landschleicher.de\/#\/schema\/person\/image\/","url":"https:\/\/secure.gravatar.com\/avatar\/99d0491b2baa34eb24cdf79dc16a36ce?s=96&d=mm&r=g","contentUrl":"https:\/\/secure.gravatar.com\/avatar\/99d0491b2baa34eb24cdf79dc16a36ce?s=96&d=mm&r=g","caption":"admin"},"url":"https:\/\/landschleicher.de\/?author=1"}]}},"jetpack_featured_media_url":"","_links":{"self":[{"href":"https:\/\/landschleicher.de\/index.php?rest_route=\/wp\/v2\/posts\/123"}],"collection":[{"href":"https:\/\/landschleicher.de\/index.php?rest_route=\/wp\/v2\/posts"}],"about":[{"href":"https:\/\/landschleicher.de\/index.php?rest_route=\/wp\/v2\/types\/post"}],"author":[{"embeddable":true,"href":"https:\/\/landschleicher.de\/index.php?rest_route=\/wp\/v2\/users\/1"}],"replies":[{"embeddable":true,"href":"https:\/\/landschleicher.de\/index.php?rest_route=%2Fwp%2Fv2%2Fcomments&post=123"}],"version-history":[{"count":3,"href":"https:\/\/landschleicher.de\/index.php?rest_route=\/wp\/v2\/posts\/123\/revisions"}],"predecessor-version":[{"id":128,"href":"https:\/\/landschleicher.de\/index.php?rest_route=\/wp\/v2\/posts\/123\/revisions\/128"}],"wp:attachment":[{"href":"https:\/\/landschleicher.de\/index.php?rest_route=%2Fwp%2Fv2%2Fmedia&parent=123"}],"wp:term":[{"taxonomy":"category","embeddable":true,"href":"https:\/\/landschleicher.de\/index.php?rest_route=%2Fwp%2Fv2%2Fcategories&post=123"},{"taxonomy":"post_tag","embeddable":true,"href":"https:\/\/landschleicher.de\/index.php?rest_route=%2Fwp%2Fv2%2Ftags&post=123"}],"curies":[{"name":"wp","href":"https:\/\/api.w.org\/{rel}","templated":true}]}}